{"id":588,"date":"2020-03-07T15:27:25","date_gmt":"2020-03-07T14:27:25","guid":{"rendered":"https:\/\/womusk.com\/?p=588"},"modified":"2020-08-07T11:27:07","modified_gmt":"2020-08-07T09:27:07","slug":"sisa-feher-vladko-miklas","status":"publish","type":"post","link":"https:\/\/womusk.com\/en\/hudobnici\/sisa-feher-vladko-miklas\/","title":{"rendered":"Sisa Feh\u00e9r &#038; Vladko Mikl\u00e1\u0161"},"content":{"rendered":"<p><strong>The outstanding singer\/songwriter Sisa Feh\u00e9r explores the frontiers of jazz, pop, folk and ambient music in a\u00a0thrilling, yet sensitive way.<\/strong><\/p>\n<p>Gently and sensitively, Sisa Feh\u00e9r, along with Vladko Mikl\u00e1\u0161, embarked on their joint recording of Bardo, which was released in early June 2018. A talented musician brings the listener with his musicality and musical poetry.<\/p>\n<p>Sisa Feh\u00e9r shows her perfect connection with music. She invites the wandering about nature and embark on this journey with her experience.<\/p>\n<p>The word bardo is translated from Buddhism and means interstate after death and reborn. The lyric recording gives space to the listener and his own ideas, interpretations and connections. Without weak spots it is a remarkable recording on the Slovak music scene. She has chosen the Slovak lyrics that can be melodically beautiful and make full use of it for her benefit.<\/p>\n<p>It depends on precise pronunciations and leaves the language to stand out in its generosity. In addition, the recording has a glimpse of folklore, which only encourages a good feeling in the mother tongue. The musician admitted that most of the songs originated in the mountains and originally they did not even have to be songs.<\/p>\n<p>Finally, however, her words have been given a musical performance that paint imaginary images and lead the listener with her own landscape of fantasy.<\/p>\n<p>Sisa Feh\u00e9r performed at various festivals and events in Slovakia and abroad, in 2018 the project Bardo was introduced at World Music Festival Bratislava.<\/p>","protected":false},"excerpt":{"rendered":"<p>The outstanding singer\/songwriter Sisa Feh\u00e9r explores the frontiers of jazz, pop, folk and ambient music in a\u00a0thrilling, yet sensitive way. Gently and sensitively, Sisa Feh\u00e9r, along with Vladko Mikl\u00e1\u0161, embarked on their joint recording of Bardo, which was released in early June 2018. A talented musician brings the listener with his musicality and musical poetry.<br \/><a class=\"moretag\" href=\"https:\/\/womusk.com\/en\/hudobnici\/sisa-feher-vladko-miklas\/\">+ Read More<\/a><\/p>\n","protected":false},"author":1,"featured_media":812,"comment_status":"closed","ping_status":"closed","sticky":false,"template":"single-hudobnici.php","format":"standard","meta":{"_ppp_document_settings_meta":""},"categories":[12],"tags":[],"acf":[],"yoast_head":"<!-- This site is optimized with the Yoast SEO plugin v21.8 - https:\/\/yoast.com\/wordpress\/plugins\/seo\/ -->\n<title>Sisa Feh\u00e9r &amp; Vladko Mikl\u00e1\u0161 - Womusk<\/title>\n<meta name=\"robots\" content=\"index, follow, max-snippet:-1, max-image-preview:large, max-video-preview:-1\" \/>\n<link rel=\"canonical\" href=\"https:\/\/womusk.com\/en\/hudobnici\/sisa-feher-vladko-miklas\/\" \/>\n<meta property=\"og:locale\" content=\"en_US\" \/>\n<meta property=\"og:type\" content=\"article\" \/>\n<meta property=\"og:title\" content=\"Sisa Feh\u00e9r &amp; Vladko Mikl\u00e1\u0161 - Womusk\" \/>\n<meta property=\"og:description\" content=\"The outstanding singer\/songwriter Sisa Feh\u00e9r explores the frontiers of jazz, pop, folk and ambient music in a\u00a0thrilling, yet sensitive way. Gently and sensitively, Sisa Feh\u00e9r, along with Vladko Mikl\u00e1\u0161, embarked on their joint recording of Bardo, which was released in early June 2018. A talented musician brings the listener with his musicality and musical poetry.+ Read More\" \/>\n<meta property=\"og:url\" content=\"https:\/\/womusk.com\/en\/hudobnici\/sisa-feher-vladko-miklas\/\" \/>\n<meta property=\"og:site_name\" content=\"Womusk\" \/>\n<meta property=\"article:publisher\" content=\"https:\/\/www.facebook.com\/womusk\/\" \/>\n<meta property=\"article:published_time\" content=\"2020-03-07T14:27:25+00:00\" \/>\n<meta property=\"article:modified_time\" content=\"2020-08-07T09:27:07+00:00\" \/>\n<meta property=\"og:image\" content=\"https:\/\/womusk.com\/wp-content\/uploads\/2020\/03\/Sisa-Feher_kredit-Valentina-Nidelova-740x431-1.jpg\" \/>\n\t<meta property=\"og:image:width\" content=\"740\" \/>\n\t<meta property=\"og:image:height\" content=\"431\" \/>\n\t<meta property=\"og:image:type\" content=\"image\/jpeg\" \/>\n<meta name=\"author\" content=\"libor\" \/>\n<meta name=\"twitter:card\" content=\"summary_large_image\" \/>\n<meta name=\"twitter:label1\" content=\"Written by\" \/>\n\t<meta name=\"twitter:data1\" content=\"libor\" \/>\n\t<meta name=\"twitter:label2\" content=\"Est. reading time\" \/>\n\t<meta name=\"twitter:data2\" content=\"2 minutes\" \/>\n<script type=\"application\/ld+json\" class=\"yoast-schema-graph\">{\"@context\":\"https:\/\/schema.org\",\"@graph\":[{\"@type\":\"Article\",\"@id\":\"https:\/\/womusk.com\/hudobnici\/sisa-feher-vladko-miklas\/#article\",\"isPartOf\":{\"@id\":\"https:\/\/womusk.com\/hudobnici\/sisa-feher-vladko-miklas\/\"},\"author\":{\"name\":\"libor\",\"@id\":\"https:\/\/womusk.com\/#\/schema\/person\/8dd8e530dec80dfa50971438bc976621\"},\"headline\":\"Sisa Feh\u00e9r &#038; Vladko Mikl\u00e1\u0161\",\"datePublished\":\"2020-03-07T14:27:25+00:00\",\"dateModified\":\"2020-08-07T09:27:07+00:00\",\"mainEntityOfPage\":{\"@id\":\"https:\/\/womusk.com\/hudobnici\/sisa-feher-vladko-miklas\/\"},\"wordCount\":346,\"publisher\":{\"@id\":\"https:\/\/womusk.com\/#organization\"},\"articleSection\":[\"Artists\"],\"inLanguage\":\"en-US\"},{\"@type\":\"WebPage\",\"@id\":\"https:\/\/womusk.com\/en\/hudobnici\/sisa-feher-vladko-miklas\/\",\"url\":\"https:\/\/womusk.com\/en\/hudobnici\/sisa-feher-vladko-miklas\/\",\"name\":\"Sisa Feh\u00e9r & Vladko Mikl\u00e1\u0161 - Womusk\",\"isPartOf\":{\"@id\":\"https:\/\/womusk.com\/en\/#website\"},\"datePublished\":\"2020-03-07T14:27:25+00:00\",\"dateModified\":\"2020-08-07T09:27:07+00:00\",\"breadcrumb\":{\"@id\":\"https:\/\/womusk.com\/en\/hudobnici\/sisa-feher-vladko-miklas\/#breadcrumb\"},\"inLanguage\":\"en-US\",\"potentialAction\":[{\"@type\":\"ReadAction\",\"target\":[[\"https:\/\/womusk.com\/en\/hudobnici\/sisa-feher-vladko-miklas\/\"]]}]},{\"@type\":\"BreadcrumbList\",\"@id\":\"https:\/\/womusk.com\/en\/hudobnici\/sisa-feher-vladko-miklas\/#breadcrumb\",\"itemListElement\":[{\"@type\":\"ListItem\",\"position\":1,\"name\":\"Domovsk\u00e1 str\u00e1nka\",\"item\":\"https:\/\/womusk.com\/en\/\"},{\"@type\":\"ListItem\",\"position\":2,\"name\":\"Sisa Feh\u00e9r &#038; Vladko Mikl\u00e1\u0161\"}]},{\"@type\":\"WebSite\",\"@id\":\"https:\/\/womusk.com\/en\/#website\",\"url\":\"https:\/\/womusk.com\/en\/\",\"name\":\"Womusk\",\"description\":\"The World Music from Slovakia\",\"publisher\":{\"@id\":\"https:\/\/womusk.com\/en\/#organization\"},\"potentialAction\":[{\"@type\":\"SearchAction\",\"target\":{\"@type\":\"EntryPoint\",\"urlTemplate\":\"https:\/\/womusk.com\/en\/?s={search_term_string}\"},\"query-input\":\"required name=search_term_string\"}],\"inLanguage\":\"en-US\"},{\"@type\":\"Organization\",\"@id\":\"https:\/\/womusk.com\/en\/#organization\",\"name\":\"The World Music from Slovakia\",\"url\":\"https:\/\/womusk.com\/en\/\",\"logo\":{\"@type\":\"ImageObject\",\"inLanguage\":\"en-US\",\"@id\":\"https:\/\/womusk.com\/en\/#\/schema\/logo\/image\/\",\"url\":\"https:\/\/womusk.com\/wp-content\/uploads\/2019\/07\/womusk_logo_transpent.png\",\"contentUrl\":\"https:\/\/womusk.com\/wp-content\/uploads\/2019\/07\/womusk_logo_transpent.png\",\"width\":300,\"height\":73,\"caption\":\"The World Music from Slovakia\"},\"image\":{\"@id\":\"https:\/\/womusk.com\/en\/#\/schema\/logo\/image\/\"},\"sameAs\":[\"https:\/\/www.facebook.com\/womusk\/\"]},{\"@type\":\"Person\",\"@id\":\"https:\/\/womusk.com\/#\/schema\/person\/8dd8e530dec80dfa50971438bc976621\",\"name\":\"libor\",\"image\":{\"@type\":\"ImageObject\",\"inLanguage\":\"en-US\",\"@id\":\"https:\/\/womusk.com\/en\/#\/schema\/person\/image\/\",\"url\":\"https:\/\/secure.gravatar.com\/avatar\/8ddfd1f947f5a82c6d0f4138f31818f1?s=96&d=mm&r=g\",\"contentUrl\":\"https:\/\/secure.gravatar.com\/avatar\/8ddfd1f947f5a82c6d0f4138f31818f1?s=96&d=mm&r=g\",\"caption\":\"libor\"},\"url\":\"https:\/\/womusk.com\/en\/author\/libor\/\"}]}<\/script>\n<!-- \/ Yoast SEO plugin. -->","yoast_head_json":{"title":"Sisa Feh\u00e9r & Vladko Mikl\u00e1\u0161 - Womusk","robots":{"index":"index","follow":"follow","max-snippet":"max-snippet:-1","max-image-preview":"max-image-preview:large","max-video-preview":"max-video-preview:-1"},"canonical":"https:\/\/womusk.com\/en\/hudobnici\/sisa-feher-vladko-miklas\/","og_locale":"en_US","og_type":"article","og_title":"Sisa Feh\u00e9r & Vladko Mikl\u00e1\u0161 - Womusk","og_description":"The outstanding singer\/songwriter Sisa Feh\u00e9r explores the frontiers of jazz, pop, folk and ambient music in a\u00a0thrilling, yet sensitive way. Gently and sensitively, Sisa Feh\u00e9r, along with Vladko Mikl\u00e1\u0161, embarked on their joint recording of Bardo, which was released in early June 2018. A talented musician brings the listener with his musicality and musical poetry.+ Read More","og_url":"https:\/\/womusk.com\/en\/hudobnici\/sisa-feher-vladko-miklas\/","og_site_name":"Womusk","article_publisher":"https:\/\/www.facebook.com\/womusk\/","article_published_time":"2020-03-07T14:27:25+00:00","article_modified_time":"2020-08-07T09:27:07+00:00","og_image":[{"width":740,"height":431,"url":"https:\/\/womusk.com\/wp-content\/uploads\/2020\/03\/Sisa-Feher_kredit-Valentina-Nidelova-740x431-1.jpg","type":"image\/jpeg"}],"author":"libor","twitter_card":"summary_large_image","twitter_misc":{"Written by":"libor","Est. reading time":"2 minutes"},"schema":{"@context":"https:\/\/schema.org","@graph":[{"@type":"Article","@id":"https:\/\/womusk.com\/hudobnici\/sisa-feher-vladko-miklas\/#article","isPartOf":{"@id":"https:\/\/womusk.com\/hudobnici\/sisa-feher-vladko-miklas\/"},"author":{"name":"libor","@id":"https:\/\/womusk.com\/#\/schema\/person\/8dd8e530dec80dfa50971438bc976621"},"headline":"Sisa Feh\u00e9r &#038; Vladko Mikl\u00e1\u0161","datePublished":"2020-03-07T14:27:25+00:00","dateModified":"2020-08-07T09:27:07+00:00","mainEntityOfPage":{"@id":"https:\/\/womusk.com\/hudobnici\/sisa-feher-vladko-miklas\/"},"wordCount":346,"publisher":{"@id":"https:\/\/womusk.com\/#organization"},"articleSection":["Artists"],"inLanguage":"en-US"},{"@type":"WebPage","@id":"https:\/\/womusk.com\/en\/hudobnici\/sisa-feher-vladko-miklas\/","url":"https:\/\/womusk.com\/en\/hudobnici\/sisa-feher-vladko-miklas\/","name":"Sisa Feh\u00e9r & Vladko Mikl\u00e1\u0161 - Womusk","isPartOf":{"@id":"https:\/\/womusk.com\/en\/#website"},"datePublished":"2020-03-07T14:27:25+00:00","dateModified":"2020-08-07T09:27:07+00:00","breadcrumb":{"@id":"https:\/\/womusk.com\/en\/hudobnici\/sisa-feher-vladko-miklas\/#breadcrumb"},"inLanguage":"en-US","potentialAction":[{"@type":"ReadAction","target":[["https:\/\/womusk.com\/en\/hudobnici\/sisa-feher-vladko-miklas\/"]]}]},{"@type":"BreadcrumbList","@id":"https:\/\/womusk.com\/en\/hudobnici\/sisa-feher-vladko-miklas\/#breadcrumb","itemListElement":[{"@type":"ListItem","position":1,"name":"Domovsk\u00e1 str\u00e1nka","item":"https:\/\/womusk.com\/en\/"},{"@type":"ListItem","position":2,"name":"Sisa Feh\u00e9r &#038; Vladko Mikl\u00e1\u0161"}]},{"@type":"WebSite","@id":"https:\/\/womusk.com\/en\/#website","url":"https:\/\/womusk.com\/en\/","name":"Womusk","description":"The World Music from Slovakia","publisher":{"@id":"https:\/\/womusk.com\/en\/#organization"},"potentialAction":[{"@type":"SearchAction","target":{"@type":"EntryPoint","urlTemplate":"https:\/\/womusk.com\/en\/?s={search_term_string}"},"query-input":"required name=search_term_string"}],"inLanguage":"en-US"},{"@type":"Organization","@id":"https:\/\/womusk.com\/en\/#organization","name":"The World Music from Slovakia","url":"https:\/\/womusk.com\/en\/","logo":{"@type":"ImageObject","inLanguage":"en-US","@id":"https:\/\/womusk.com\/en\/#\/schema\/logo\/image\/","url":"https:\/\/womusk.com\/wp-content\/uploads\/2019\/07\/womusk_logo_transpent.png","contentUrl":"https:\/\/womusk.com\/wp-content\/uploads\/2019\/07\/womusk_logo_transpent.png","width":300,"height":73,"caption":"The World Music from Slovakia"},"image":{"@id":"https:\/\/womusk.com\/en\/#\/schema\/logo\/image\/"},"sameAs":["https:\/\/www.facebook.com\/womusk\/"]},{"@type":"Person","@id":"https:\/\/womusk.com\/#\/schema\/person\/8dd8e530dec80dfa50971438bc976621","name":"libor","image":{"@type":"ImageObject","inLanguage":"en-US","@id":"https:\/\/womusk.com\/en\/#\/schema\/person\/image\/","url":"https:\/\/secure.gravatar.com\/avatar\/8ddfd1f947f5a82c6d0f4138f31818f1?s=96&d=mm&r=g","contentUrl":"https:\/\/secure.gravatar.com\/avatar\/8ddfd1f947f5a82c6d0f4138f31818f1?s=96&d=mm&r=g","caption":"libor"},"url":"https:\/\/womusk.com\/en\/author\/libor\/"}]}},"_links":{"self":[{"href":"https:\/\/womusk.com\/en\/wp-json\/wp\/v2\/posts\/588"}],"collection":[{"href":"https:\/\/womusk.com\/en\/wp-json\/wp\/v2\/posts"}],"about":[{"href":"https:\/\/womusk.com\/en\/wp-json\/wp\/v2\/types\/post"}],"author":[{"embeddable":true,"href":"https:\/\/womusk.com\/en\/wp-json\/wp\/v2\/users\/1"}],"replies":[{"embeddable":true,"href":"https:\/\/womusk.com\/en\/wp-json\/wp\/v2\/comments?post=588"}],"version-history":[{"count":6,"href":"https:\/\/womusk.com\/en\/wp-json\/wp\/v2\/posts\/588\/revisions"}],"predecessor-version":[{"id":1146,"href":"https:\/\/womusk.com\/en\/wp-json\/wp\/v2\/posts\/588\/revisions\/1146"}],"wp:featuredmedia":[{"embeddable":true,"href":"https:\/\/womusk.com\/en\/wp-json\/wp\/v2\/media\/812"}],"wp:attachment":[{"href":"https:\/\/womusk.com\/en\/wp-json\/wp\/v2\/media?parent=588"}],"wp:term":[{"taxonomy":"category","embeddable":true,"href":"https:\/\/womusk.com\/en\/wp-json\/wp\/v2\/categories?post=588"},{"taxonomy":"post_tag","embeddable":true,"href":"https:\/\/womusk.com\/en\/wp-json\/wp\/v2\/tags?post=588"}],"curies":[{"name":"wp","href":"https:\/\/api.w.org\/{rel}","templated":true}]}}